{"id":582,"date":"2022-06-30T12:58:02","date_gmt":"2022-06-30T10:58:02","guid":{"rendered":"https:\/\/europa.regione.campania.it\/?p=582"},"modified":"2024-05-16T13:30:51","modified_gmt":"2024-05-16T11:30:51","slug":"statale-del-vesuvio-aperti-al-traffico-svincoli-e-bretelle","status":"publish","type":"post","link":"https:\/\/europa.regione.campania.it\/es\/statale-del-vesuvio-aperti-al-traffico-svincoli-e-bretelle\/","title":{"rendered":"Vesubius State Road, abierto a cruces de tr\u00e1fico y brackets"},"content":{"rendered":"<h2 class=\"wp-block-heading\"><strong>Contin\u00faan las obras financiadas por la regi\u00f3n de Campania a trav\u00e9s de la pol\u00edtica de cohesi\u00f3n y llevadas a cabo por Anas (Grupo FS italiano) en la carretera estatal 268 del Vesubio<\/strong>.<\/h2>\n\n\n\n<h2 class=\"wp-block-heading\"><strong>La Corbara Bretella tambi\u00e9n se puede utilizar para el tr\u00e1fico procedente de N\u00e1poles y la autopista A3, con la conexi\u00f3n entre el cruce Angri y las carreteras a los municipios de Angri, Sant\u2019Antonio Abate y Scafati.<\/strong>. <strong>La transitabilidad de las correas \u00abM2\u00bb y \u00abM3\u00bb, por otra parte, sigue siendo competencia de los organismos competentes.<\/strong>.<\/h2>\n\n\n\n<h2 class=\"wp-block-heading\"><strong>El nuevo cruce Madonna dell\u2019Arco en Sant\u2019Anastasia est\u00e1 abierto al tr\u00e1fico<\/strong>. <\/h2>\n\n\n\n<p>La \u00abbretella di Corbara\u00bb puede utilizarse, en la provincia de Salerno, tambi\u00e9n en la segunda direcci\u00f3n de desplazamiento, para el tr\u00e1fico procedente de N\u00e1poles y la autopista \u00abNapoli-Salerno\u00bb A3, garantizando as\u00ed la conexi\u00f3n entre el cruce Angri (SS268) de la carretera estatal \u00abVesuvius\u00bb 268 y, a trav\u00e9s de la rotonda de Paludicelle, hacia las carreteras de los municipios de Angri, Sant\u2019Antonio Abate y Scafati<s>.<\/s><\/p>\n\n\n\n<p>Una mayor fluidez del tr\u00e1fico local estar\u00e1 garantizada por la completa usabilidad de la \u00abM2\u00bb (actualmente prohibida de tr\u00e1nsito) y la \u00abM3\u00bb (actualmente accesible en una sola direcci\u00f3n), conectando los municipios de Angri y Scafati, encabezados por los respectivos organismos competentes.<\/p>\n\n\n\n<p>Tambi\u00e9n a lo largo de la carretera estatal 268 \u00abdel Vesuvio\u00bb, en el tramo napolitano, se puso en funcionamiento el nuevo cruce \u00abMadonna dell\u2019Arco\u00bb en el municipio de Sant\u2019Anastasia, proyecto realizado por Anas y financiado por la Regi\u00f3n de Campania por una inversi\u00f3n total de 2,5 millones de euros.<\/p>\n\n\n\n<p>La apertura completa la plena usabilidad del cruce (ya en funcionamiento para el tr\u00e1fico que viene y se dirige a Angri) a trav\u00e9s de las dos rampas que sirven la carretera hacia y desde N\u00e1poles.<\/p>\n\n\n\n<p>Los beneficios son importantes para las conexiones directas entre el \u00e1rea napolitana y el Santuario de la Madonna dell\u2019Arco, un destino para muchas peregrinaciones religiosas.<\/p>\n\n\n\n<p>Para la realizaci\u00f3n del cruce, se han adaptado las dos rampas existentes que salen y entran en la SS268 y un paso elevado en el km 2.200; tambi\u00e9n se construy\u00f3 un enlace de tr\u00e1fico bidireccional, continuando en el SS268, que lo une con la red de carreteras municipales Via Romani del Municipio de Sant\u2019Anastasia.<\/p>\n\n\n\n<p>La intersecci\u00f3n entre el cintur\u00f3n y la v\u00eda municipal de Via Romani se construy\u00f3 mediante una rotonda, iluminada por una torre de luz, que Anas entreg\u00f3 a la administraci\u00f3n municipal para la posterior gesti\u00f3n de la red vial.<\/p>\n\n\n\n<p>Adem\u00e1s, se instalaron nuevas barreras de seguridad a lo largo de la ruta, incluidas las obras de apoyo y el paso elevado y se llevaron a cabo nuevas obras de pavimento y se\u00f1alizaci\u00f3n, as\u00ed como la finalizaci\u00f3n de las obras hidr\u00e1ulicas.<\/p>\n\n\n\n<p>Las obras forman parte de las numerosas obras de mejora del SS268 \u2018del Vesuvio\u2019 de Anas entre las terminadas (doblando tramo y trabajos de mantenimiento programados), en curso y pr\u00f3ximamente terminadas (mantenimiento extraordinario del enlace entre el cruce de Somma Sud y la red de carreteras municipales Somma Vesuviana, as\u00ed como sistemas de iluminaci\u00f3n para los cruces en el tramo de carretera ya duplicado) y planificados (compleci\u00f3n de la duplicaci\u00f3n).<\/p>","protected":false},"excerpt":{"rendered":"<p>Las obras financiadas por la Regi\u00f3n de Campania a trav\u00e9s de la Pol\u00edtica de Cohesi\u00f3n y llevadas a cabo por...<\/p>","protected":false},"author":2,"featured_media":583,"comment_status":"closed","ping_status":"open","sticky":false,"template":"","format":"standard","meta":{"ngg_post_thumbnail":0,"footnotes":""},"categories":[99],"tags":[],"class_list":{"0":"post-582","1":"post","2":"type-post","3":"status-publish","4":"format-standard","5":"has-post-thumbnail","7":"category-news"},"yoast_head":"<!-- This site is optimized with the Yoast SEO plugin v27.4 - https:\/\/yoast.com\/product\/yoast-seo-wordpress\/ -->\n<title>Statale del Vesuvio, aperti al traffico svincoli e bretelle - Europa Campania<\/title>\n<meta name=\"robots\" content=\"index, follow, max-snippet:-1, max-image-preview:large, max-video-preview:-1\" \/>\n<link rel=\"canonical\" href=\"https:\/\/europa.regione.campania.it\/es\/statale-del-vesuvio-aperti-al-traffico-svincoli-e-bretelle\/\" \/>\n<meta property=\"og:locale\" content=\"es_ES\" \/>\n<meta property=\"og:type\" content=\"article\" \/>\n<meta property=\"og:title\" content=\"Statale del Vesuvio, aperti al traffico svincoli e bretelle - Europa Campania\" \/>\n<meta property=\"og:description\" content=\"Proseguono i lavori finanziati dalla Regione Campania attraverso la Politica di Coesione e realizzati da...\" \/>\n<meta property=\"og:url\" content=\"https:\/\/europa.regione.campania.it\/es\/statale-del-vesuvio-aperti-al-traffico-svincoli-e-bretelle\/\" \/>\n<meta property=\"og:site_name\" content=\"Europa Campania\" \/>\n<meta property=\"article:published_time\" content=\"2022-06-30T10:58:02+00:00\" \/>\n<meta property=\"article:modified_time\" content=\"2024-05-16T11:30:51+00:00\" \/>\n<meta property=\"og:image\" content=\"https:\/\/europa.regione.campania.it\/wp-content\/uploads\/2022\/06\/Rampa-di-immissione-Cavalcavia-002-scaled.jpg\" \/>\n\t<meta property=\"og:image:width\" content=\"2560\" \/>\n\t<meta property=\"og:image:height\" content=\"1920\" \/>\n\t<meta property=\"og:image:type\" content=\"image\/jpeg\" \/>\n<meta name=\"author\" content=\"Fabio Relino\" \/>\n<meta name=\"twitter:card\" content=\"summary_large_image\" \/>\n<meta name=\"twitter:label1\" content=\"Escrito por\" \/>\n\t<meta name=\"twitter:data1\" content=\"\" \/>\n\t<meta name=\"twitter:label2\" content=\"Tiempo de lectura\" \/>\n\t<meta name=\"twitter:data2\" content=\"3 minutos\" \/>\n<script type=\"application\/ld+json\" class=\"yoast-schema-graph\">{\"@context\":\"https:\\\/\\\/schema.org\",\"@graph\":[{\"@type\":\"Article\",\"@id\":\"https:\\\/\\\/europa.regione.campania.it\\\/statale-del-vesuvio-aperti-al-traffico-svincoli-e-bretelle\\\/#article\",\"isPartOf\":{\"@id\":\"https:\\\/\\\/europa.regione.campania.it\\\/statale-del-vesuvio-aperti-al-traffico-svincoli-e-bretelle\\\/\"},\"author\":{\"name\":\"Fabio Relino\",\"@id\":\"https:\\\/\\\/europa.regione.campania.it\\\/#\\\/schema\\\/person\\\/03c64b53aefbe0cec226ca01d38134da\"},\"headline\":\"Statale del Vesuvio, aperti al traffico svincoli e bretelle\",\"datePublished\":\"2022-06-30T10:58:02+00:00\",\"dateModified\":\"2024-05-16T11:30:51+00:00\",\"mainEntityOfPage\":{\"@id\":\"https:\\\/\\\/europa.regione.campania.it\\\/statale-del-vesuvio-aperti-al-traffico-svincoli-e-bretelle\\\/\"},\"wordCount\":497,\"image\":{\"@id\":\"https:\\\/\\\/europa.regione.campania.it\\\/statale-del-vesuvio-aperti-al-traffico-svincoli-e-bretelle\\\/#primaryimage\"},\"thumbnailUrl\":\"https:\\\/\\\/europa.regione.campania.it\\\/wp-content\\\/uploads\\\/2022\\\/06\\\/Rampa-di-immissione-Cavalcavia-002-scaled.jpg\",\"articleSection\":[\"News\"],\"inLanguage\":\"es\"},{\"@type\":\"WebPage\",\"@id\":\"https:\\\/\\\/europa.regione.campania.it\\\/statale-del-vesuvio-aperti-al-traffico-svincoli-e-bretelle\\\/\",\"url\":\"https:\\\/\\\/europa.regione.campania.it\\\/statale-del-vesuvio-aperti-al-traffico-svincoli-e-bretelle\\\/\",\"name\":\"Statale del Vesuvio, aperti al traffico svincoli e bretelle - Europa Campania\",\"isPartOf\":{\"@id\":\"https:\\\/\\\/europa.regione.campania.it\\\/#website\"},\"primaryImageOfPage\":{\"@id\":\"https:\\\/\\\/europa.regione.campania.it\\\/statale-del-vesuvio-aperti-al-traffico-svincoli-e-bretelle\\\/#primaryimage\"},\"image\":{\"@id\":\"https:\\\/\\\/europa.regione.campania.it\\\/statale-del-vesuvio-aperti-al-traffico-svincoli-e-bretelle\\\/#primaryimage\"},\"thumbnailUrl\":\"https:\\\/\\\/europa.regione.campania.it\\\/wp-content\\\/uploads\\\/2022\\\/06\\\/Rampa-di-immissione-Cavalcavia-002-scaled.jpg\",\"datePublished\":\"2022-06-30T10:58:02+00:00\",\"dateModified\":\"2024-05-16T11:30:51+00:00\",\"author\":{\"@id\":\"https:\\\/\\\/europa.regione.campania.it\\\/#\\\/schema\\\/person\\\/03c64b53aefbe0cec226ca01d38134da\"},\"breadcrumb\":{\"@id\":\"https:\\\/\\\/europa.regione.campania.it\\\/statale-del-vesuvio-aperti-al-traffico-svincoli-e-bretelle\\\/#breadcrumb\"},\"inLanguage\":\"es\",\"potentialAction\":[{\"@type\":\"ReadAction\",\"target\":[\"https:\\\/\\\/europa.regione.campania.it\\\/statale-del-vesuvio-aperti-al-traffico-svincoli-e-bretelle\\\/\"]}]},{\"@type\":\"ImageObject\",\"inLanguage\":\"es\",\"@id\":\"https:\\\/\\\/europa.regione.campania.it\\\/statale-del-vesuvio-aperti-al-traffico-svincoli-e-bretelle\\\/#primaryimage\",\"url\":\"https:\\\/\\\/europa.regione.campania.it\\\/wp-content\\\/uploads\\\/2022\\\/06\\\/Rampa-di-immissione-Cavalcavia-002-scaled.jpg\",\"contentUrl\":\"https:\\\/\\\/europa.regione.campania.it\\\/wp-content\\\/uploads\\\/2022\\\/06\\\/Rampa-di-immissione-Cavalcavia-002-scaled.jpg\",\"width\":2560,\"height\":1920},{\"@type\":\"BreadcrumbList\",\"@id\":\"https:\\\/\\\/europa.regione.campania.it\\\/statale-del-vesuvio-aperti-al-traffico-svincoli-e-bretelle\\\/#breadcrumb\",\"itemListElement\":[{\"@type\":\"ListItem\",\"position\":1,\"name\":\"Home\",\"item\":\"https:\\\/\\\/europa.regione.campania.it\\\/\"},{\"@type\":\"ListItem\",\"position\":2,\"name\":\"Statale del Vesuvio, aperti al traffico svincoli e bretelle\"}]},{\"@type\":\"WebSite\",\"@id\":\"https:\\\/\\\/europa.regione.campania.it\\\/#website\",\"url\":\"https:\\\/\\\/europa.regione.campania.it\\\/\",\"name\":\"Europa Campania\",\"description\":\"Il portale della Coesione in Campania\",\"potentialAction\":[{\"@type\":\"SearchAction\",\"target\":{\"@type\":\"EntryPoint\",\"urlTemplate\":\"https:\\\/\\\/europa.regione.campania.it\\\/?s={search_term_string}\"},\"query-input\":{\"@type\":\"PropertyValueSpecification\",\"valueRequired\":true,\"valueName\":\"search_term_string\"}}],\"inLanguage\":\"es\"},{\"@type\":\"Person\",\"@id\":\"https:\\\/\\\/europa.regione.campania.it\\\/#\\\/schema\\\/person\\\/03c64b53aefbe0cec226ca01d38134da\",\"name\":\"Fabio Relino\",\"image\":{\"@type\":\"ImageObject\",\"inLanguage\":\"es\",\"@id\":\"https:\\\/\\\/secure.gravatar.com\\\/avatar\\\/7e0281d6636b423bf79bde41d7871d92cd56488e08800d1c9917e3a1a62e579f?s=96&d=mm&r=g\",\"url\":\"https:\\\/\\\/secure.gravatar.com\\\/avatar\\\/7e0281d6636b423bf79bde41d7871d92cd56488e08800d1c9917e3a1a62e579f?s=96&d=mm&r=g\",\"contentUrl\":\"https:\\\/\\\/secure.gravatar.com\\\/avatar\\\/7e0281d6636b423bf79bde41d7871d92cd56488e08800d1c9917e3a1a62e579f?s=96&d=mm&r=g\",\"caption\":\"Fabio Relino\"},\"url\":\"https:\\\/\\\/europa.regione.campania.it\\\/es\\\/author\\\/fabio-relino\\\/\"}]}<\/script>\n<!-- \/ Yoast SEO plugin. -->","yoast_head_json":{"title":"Statale del Vesuvio, aperti al traffico svincoli e bretelle - Europa Campania","robots":{"index":"index","follow":"follow","max-snippet":"max-snippet:-1","max-image-preview":"max-image-preview:large","max-video-preview":"max-video-preview:-1"},"canonical":"https:\/\/europa.regione.campania.it\/es\/statale-del-vesuvio-aperti-al-traffico-svincoli-e-bretelle\/","og_locale":"es_ES","og_type":"article","og_title":"Statale del Vesuvio, aperti al traffico svincoli e bretelle - Europa Campania","og_description":"Proseguono i lavori finanziati dalla Regione Campania attraverso la Politica di Coesione e realizzati da...","og_url":"https:\/\/europa.regione.campania.it\/es\/statale-del-vesuvio-aperti-al-traffico-svincoli-e-bretelle\/","og_site_name":"Europa Campania","article_published_time":"2022-06-30T10:58:02+00:00","article_modified_time":"2024-05-16T11:30:51+00:00","og_image":[{"width":2560,"height":1920,"url":"https:\/\/europa.regione.campania.it\/wp-content\/uploads\/2022\/06\/Rampa-di-immissione-Cavalcavia-002-scaled.jpg","type":"image\/jpeg"}],"author":"Fabio Relino","twitter_card":"summary_large_image","twitter_misc":{"Escrito por":false,"Tiempo de lectura":"3 minutos"},"schema":{"@context":"https:\/\/schema.org","@graph":[{"@type":"Article","@id":"https:\/\/europa.regione.campania.it\/statale-del-vesuvio-aperti-al-traffico-svincoli-e-bretelle\/#article","isPartOf":{"@id":"https:\/\/europa.regione.campania.it\/statale-del-vesuvio-aperti-al-traffico-svincoli-e-bretelle\/"},"author":{"name":"Fabio Relino","@id":"https:\/\/europa.regione.campania.it\/#\/schema\/person\/03c64b53aefbe0cec226ca01d38134da"},"headline":"Statale del Vesuvio, aperti al traffico svincoli e bretelle","datePublished":"2022-06-30T10:58:02+00:00","dateModified":"2024-05-16T11:30:51+00:00","mainEntityOfPage":{"@id":"https:\/\/europa.regione.campania.it\/statale-del-vesuvio-aperti-al-traffico-svincoli-e-bretelle\/"},"wordCount":497,"image":{"@id":"https:\/\/europa.regione.campania.it\/statale-del-vesuvio-aperti-al-traffico-svincoli-e-bretelle\/#primaryimage"},"thumbnailUrl":"https:\/\/europa.regione.campania.it\/wp-content\/uploads\/2022\/06\/Rampa-di-immissione-Cavalcavia-002-scaled.jpg","articleSection":["News"],"inLanguage":"es"},{"@type":"WebPage","@id":"https:\/\/europa.regione.campania.it\/statale-del-vesuvio-aperti-al-traffico-svincoli-e-bretelle\/","url":"https:\/\/europa.regione.campania.it\/statale-del-vesuvio-aperti-al-traffico-svincoli-e-bretelle\/","name":"Statale del Vesuvio, aperti al traffico svincoli e bretelle - Europa Campania","isPartOf":{"@id":"https:\/\/europa.regione.campania.it\/#website"},"primaryImageOfPage":{"@id":"https:\/\/europa.regione.campania.it\/statale-del-vesuvio-aperti-al-traffico-svincoli-e-bretelle\/#primaryimage"},"image":{"@id":"https:\/\/europa.regione.campania.it\/statale-del-vesuvio-aperti-al-traffico-svincoli-e-bretelle\/#primaryimage"},"thumbnailUrl":"https:\/\/europa.regione.campania.it\/wp-content\/uploads\/2022\/06\/Rampa-di-immissione-Cavalcavia-002-scaled.jpg","datePublished":"2022-06-30T10:58:02+00:00","dateModified":"2024-05-16T11:30:51+00:00","author":{"@id":"https:\/\/europa.regione.campania.it\/#\/schema\/person\/03c64b53aefbe0cec226ca01d38134da"},"breadcrumb":{"@id":"https:\/\/europa.regione.campania.it\/statale-del-vesuvio-aperti-al-traffico-svincoli-e-bretelle\/#breadcrumb"},"inLanguage":"es","potentialAction":[{"@type":"ReadAction","target":["https:\/\/europa.regione.campania.it\/statale-del-vesuvio-aperti-al-traffico-svincoli-e-bretelle\/"]}]},{"@type":"ImageObject","inLanguage":"es","@id":"https:\/\/europa.regione.campania.it\/statale-del-vesuvio-aperti-al-traffico-svincoli-e-bretelle\/#primaryimage","url":"https:\/\/europa.regione.campania.it\/wp-content\/uploads\/2022\/06\/Rampa-di-immissione-Cavalcavia-002-scaled.jpg","contentUrl":"https:\/\/europa.regione.campania.it\/wp-content\/uploads\/2022\/06\/Rampa-di-immissione-Cavalcavia-002-scaled.jpg","width":2560,"height":1920},{"@type":"BreadcrumbList","@id":"https:\/\/europa.regione.campania.it\/statale-del-vesuvio-aperti-al-traffico-svincoli-e-bretelle\/#breadcrumb","itemListElement":[{"@type":"ListItem","position":1,"name":"Home","item":"https:\/\/europa.regione.campania.it\/"},{"@type":"ListItem","position":2,"name":"Statale del Vesuvio, aperti al traffico svincoli e bretelle"}]},{"@type":"WebSite","@id":"https:\/\/europa.regione.campania.it\/#website","url":"https:\/\/europa.regione.campania.it\/","name":"Europa Campania","description":"Il portale della Coesione in Campania","potentialAction":[{"@type":"SearchAction","target":{"@type":"EntryPoint","urlTemplate":"https:\/\/europa.regione.campania.it\/?s={search_term_string}"},"query-input":{"@type":"PropertyValueSpecification","valueRequired":true,"valueName":"search_term_string"}}],"inLanguage":"es"},{"@type":"Person","@id":"https:\/\/europa.regione.campania.it\/#\/schema\/person\/03c64b53aefbe0cec226ca01d38134da","name":"Fabio Relino","image":{"@type":"ImageObject","inLanguage":"es","@id":"https:\/\/secure.gravatar.com\/avatar\/7e0281d6636b423bf79bde41d7871d92cd56488e08800d1c9917e3a1a62e579f?s=96&d=mm&r=g","url":"https:\/\/secure.gravatar.com\/avatar\/7e0281d6636b423bf79bde41d7871d92cd56488e08800d1c9917e3a1a62e579f?s=96&d=mm&r=g","contentUrl":"https:\/\/secure.gravatar.com\/avatar\/7e0281d6636b423bf79bde41d7871d92cd56488e08800d1c9917e3a1a62e579f?s=96&d=mm&r=g","caption":"Fabio Relino"},"url":"https:\/\/europa.regione.campania.it\/es\/author\/fabio-relino\/"}]}},"_links":{"self":[{"href":"https:\/\/europa.regione.campania.it\/es\/wp-json\/wp\/v2\/posts\/582","targetHints":{"allow":["GET"]}}],"collection":[{"href":"https:\/\/europa.regione.campania.it\/es\/wp-json\/wp\/v2\/posts"}],"about":[{"href":"https:\/\/europa.regione.campania.it\/es\/wp-json\/wp\/v2\/types\/post"}],"author":[{"embeddable":true,"href":"https:\/\/europa.regione.campania.it\/es\/wp-json\/wp\/v2\/users\/2"}],"replies":[{"embeddable":true,"href":"https:\/\/europa.regione.campania.it\/es\/wp-json\/wp\/v2\/comments?post=582"}],"version-history":[{"count":3,"href":"https:\/\/europa.regione.campania.it\/es\/wp-json\/wp\/v2\/posts\/582\/revisions"}],"predecessor-version":[{"id":586,"href":"https:\/\/europa.regione.campania.it\/es\/wp-json\/wp\/v2\/posts\/582\/revisions\/586"}],"wp:featuredmedia":[{"embeddable":true,"href":"https:\/\/europa.regione.campania.it\/es\/wp-json\/wp\/v2\/media\/583"}],"wp:attachment":[{"href":"https:\/\/europa.regione.campania.it\/es\/wp-json\/wp\/v2\/media?parent=582"}],"wp:term":[{"taxonomy":"category","embeddable":true,"href":"https:\/\/europa.regione.campania.it\/es\/wp-json\/wp\/v2\/categories?post=582"},{"taxonomy":"post_tag","embeddable":true,"href":"https:\/\/europa.regione.campania.it\/es\/wp-json\/wp\/v2\/tags?post=582"}],"curies":[{"name":"wp","href":"https:\/\/api.w.org\/{rel}","templated":true}]}}