{"id":8127,"date":"2024-10-15T17:28:00","date_gmt":"2024-10-15T15:28:00","guid":{"rendered":"https:\/\/europa.regione.campania.it\/?p=8127"},"modified":"2025-09-18T14:22:42","modified_gmt":"2025-09-18T12:22:42","slug":"aperto-il-cantiere-per-la-nuova-piastra-operatoria-allospedale-santanna-e-san-sebastiano","status":"publish","type":"post","link":"https:\/\/europa.regione.campania.it\/es\/aperto-il-cantiere-per-la-nuova-piastra-operatoria-allospedale-santanna-e-san-sebastiano\/","title":{"rendered":"Abierta la obra de construcci\u00f3n de la nueva placa de operaciones del Hospital de Sant\u2019Anna y San Sebastiano"},"content":{"rendered":"<p>Se ha iniciado la construcci\u00f3n de la nueva placa de operaciones del Hospital Sant\u2019Anna y San Sebastiano de Caserta, una inversi\u00f3n estrat\u00e9gica que redise\u00f1ar\u00e1 el coraz\u00f3n quir\u00fargico del principal hospital de la provincia.<\/p>\n\n\n\n<p>El proyecto, financiado con unos 12 millones de euros del Plan Nacional de Recuperaci\u00f3n y Resiliencia (NRRP), supone el nacimiento de un edificio moderno en dos niveles. Habr\u00e1 ocho quir\u00f3fanos, incluida una sala h\u00edbrida de \u00faltima generaci\u00f3n, dise\u00f1ada para integrar diferentes especialidades y permitir intervenciones complejas con el apoyo de las tecnolog\u00edas m\u00e1s innovadoras.<\/p>\n\n\n\n<p>El objetivo es claro: Asegurar que los pacientes reciban una atenci\u00f3n cada vez m\u00e1s de alta calidad y poner a los profesionales en la mejor posici\u00f3n para trabajar. La nueva instalaci\u00f3n, que forma parte de la intervenci\u00f3n del plan nacional de recuperaci\u00f3n y resiliencia \u00abHacia un hospital seguro y sostenible\u00bb, es un paso importante hacia un modelo sanitario m\u00e1s eficiente, tecnol\u00f3gico y respetuoso con la comunidad.<\/p>","protected":false},"excerpt":{"rendered":"<p>Sono partiti i lavori per la costruzione della nuova piastra operatoria dell\u2019Azienda Ospedaliera Sant\u2019Anna e&#8230;<\/p>","protected":false},"author":6,"featured_media":8129,"comment_status":"closed","ping_status":"open","sticky":false,"template":"","format":"standard","meta":{"ngg_post_thumbnail":0,"footnotes":""},"categories":[99,52],"tags":[111,113],"class_list":{"0":"post-8127","1":"post","2":"type-post","3":"status-publish","4":"format-standard","5":"has-post-thumbnail","7":"category-news","8":"category-pnrr","9":"tag-infrastrutture","10":"tag-sanita"},"yoast_head":"<!-- This site is optimized with the Yoast SEO plugin v27.4 - https:\/\/yoast.com\/product\/yoast-seo-wordpress\/ -->\n<title>Aperto il cantiere per la nuova piastra operatoria all\u2019Ospedale Sant\u2019Anna e San Sebastiano - Europa Campania<\/title>\n<meta name=\"robots\" content=\"index, follow, max-snippet:-1, max-image-preview:large, max-video-preview:-1\" \/>\n<link rel=\"canonical\" href=\"https:\/\/europa.regione.campania.it\/es\/aperto-il-cantiere-per-la-nuova-piastra-operatoria-allospedale-santanna-e-san-sebastiano\/\" \/>\n<meta property=\"og:locale\" content=\"es_ES\" \/>\n<meta property=\"og:type\" content=\"article\" \/>\n<meta property=\"og:title\" content=\"Aperto il cantiere per la nuova piastra operatoria all\u2019Ospedale Sant\u2019Anna e San Sebastiano - Europa Campania\" \/>\n<meta property=\"og:description\" content=\"Sono partiti i lavori per la costruzione della nuova piastra operatoria dell\u2019Azienda Ospedaliera Sant\u2019Anna e...\" \/>\n<meta property=\"og:url\" content=\"https:\/\/europa.regione.campania.it\/es\/aperto-il-cantiere-per-la-nuova-piastra-operatoria-allospedale-santanna-e-san-sebastiano\/\" \/>\n<meta property=\"og:site_name\" content=\"Europa Campania\" \/>\n<meta property=\"article:published_time\" content=\"2024-10-15T15:28:00+00:00\" \/>\n<meta property=\"article:modified_time\" content=\"2025-09-18T12:22:42+00:00\" \/>\n<meta property=\"og:image\" content=\"https:\/\/europa.regione.campania.it\/wp-content\/uploads\/2025\/09\/Nuova-piastra-operatoria-ospedale-caserta.jpg\" \/>\n\t<meta property=\"og:image:width\" content=\"1920\" \/>\n\t<meta property=\"og:image:height\" content=\"1080\" \/>\n\t<meta property=\"og:image:type\" content=\"image\/jpeg\" \/>\n<meta name=\"author\" content=\"Francesco Avati\" \/>\n<meta name=\"twitter:card\" content=\"summary_large_image\" \/>\n<meta name=\"twitter:label1\" content=\"Escrito por\" \/>\n\t<meta name=\"twitter:data1\" content=\"\" \/>\n\t<meta name=\"twitter:label2\" content=\"Tiempo de lectura\" \/>\n\t<meta name=\"twitter:data2\" content=\"1 minuto\" \/>\n<script type=\"application\/ld+json\" class=\"yoast-schema-graph\">{\"@context\":\"https:\\\/\\\/schema.org\",\"@graph\":[{\"@type\":\"Article\",\"@id\":\"https:\\\/\\\/europa.regione.campania.it\\\/aperto-il-cantiere-per-la-nuova-piastra-operatoria-allospedale-santanna-e-san-sebastiano\\\/#article\",\"isPartOf\":{\"@id\":\"https:\\\/\\\/europa.regione.campania.it\\\/aperto-il-cantiere-per-la-nuova-piastra-operatoria-allospedale-santanna-e-san-sebastiano\\\/\"},\"author\":{\"name\":\"Francesco Avati\",\"@id\":\"https:\\\/\\\/europa.regione.campania.it\\\/#\\\/schema\\\/person\\\/260e28d5b8eec4abbb4690dfbefcad95\"},\"headline\":\"Aperto il cantiere per la nuova piastra operatoria all\u2019Ospedale Sant\u2019Anna e San Sebastiano\",\"datePublished\":\"2024-10-15T15:28:00+00:00\",\"dateModified\":\"2025-09-18T12:22:42+00:00\",\"mainEntityOfPage\":{\"@id\":\"https:\\\/\\\/europa.regione.campania.it\\\/aperto-il-cantiere-per-la-nuova-piastra-operatoria-allospedale-santanna-e-san-sebastiano\\\/\"},\"wordCount\":159,\"image\":{\"@id\":\"https:\\\/\\\/europa.regione.campania.it\\\/aperto-il-cantiere-per-la-nuova-piastra-operatoria-allospedale-santanna-e-san-sebastiano\\\/#primaryimage\"},\"thumbnailUrl\":\"https:\\\/\\\/europa.regione.campania.it\\\/wp-content\\\/uploads\\\/2025\\\/09\\\/Nuova-piastra-operatoria-ospedale-caserta.jpg\",\"keywords\":[\"Infrastrutture\",\"Sanit\u00e0\"],\"articleSection\":[\"News\",\"PNRR\"],\"inLanguage\":\"es\"},{\"@type\":\"WebPage\",\"@id\":\"https:\\\/\\\/europa.regione.campania.it\\\/aperto-il-cantiere-per-la-nuova-piastra-operatoria-allospedale-santanna-e-san-sebastiano\\\/\",\"url\":\"https:\\\/\\\/europa.regione.campania.it\\\/aperto-il-cantiere-per-la-nuova-piastra-operatoria-allospedale-santanna-e-san-sebastiano\\\/\",\"name\":\"Aperto il cantiere per la nuova piastra operatoria all\u2019Ospedale Sant\u2019Anna e San Sebastiano - Europa Campania\",\"isPartOf\":{\"@id\":\"https:\\\/\\\/europa.regione.campania.it\\\/#website\"},\"primaryImageOfPage\":{\"@id\":\"https:\\\/\\\/europa.regione.campania.it\\\/aperto-il-cantiere-per-la-nuova-piastra-operatoria-allospedale-santanna-e-san-sebastiano\\\/#primaryimage\"},\"image\":{\"@id\":\"https:\\\/\\\/europa.regione.campania.it\\\/aperto-il-cantiere-per-la-nuova-piastra-operatoria-allospedale-santanna-e-san-sebastiano\\\/#primaryimage\"},\"thumbnailUrl\":\"https:\\\/\\\/europa.regione.campania.it\\\/wp-content\\\/uploads\\\/2025\\\/09\\\/Nuova-piastra-operatoria-ospedale-caserta.jpg\",\"datePublished\":\"2024-10-15T15:28:00+00:00\",\"dateModified\":\"2025-09-18T12:22:42+00:00\",\"author\":{\"@id\":\"https:\\\/\\\/europa.regione.campania.it\\\/#\\\/schema\\\/person\\\/260e28d5b8eec4abbb4690dfbefcad95\"},\"breadcrumb\":{\"@id\":\"https:\\\/\\\/europa.regione.campania.it\\\/aperto-il-cantiere-per-la-nuova-piastra-operatoria-allospedale-santanna-e-san-sebastiano\\\/#breadcrumb\"},\"inLanguage\":\"es\",\"potentialAction\":[{\"@type\":\"ReadAction\",\"target\":[\"https:\\\/\\\/europa.regione.campania.it\\\/aperto-il-cantiere-per-la-nuova-piastra-operatoria-allospedale-santanna-e-san-sebastiano\\\/\"]}]},{\"@type\":\"ImageObject\",\"inLanguage\":\"es\",\"@id\":\"https:\\\/\\\/europa.regione.campania.it\\\/aperto-il-cantiere-per-la-nuova-piastra-operatoria-allospedale-santanna-e-san-sebastiano\\\/#primaryimage\",\"url\":\"https:\\\/\\\/europa.regione.campania.it\\\/wp-content\\\/uploads\\\/2025\\\/09\\\/Nuova-piastra-operatoria-ospedale-caserta.jpg\",\"contentUrl\":\"https:\\\/\\\/europa.regione.campania.it\\\/wp-content\\\/uploads\\\/2025\\\/09\\\/Nuova-piastra-operatoria-ospedale-caserta.jpg\",\"width\":1920,\"height\":1080},{\"@type\":\"BreadcrumbList\",\"@id\":\"https:\\\/\\\/europa.regione.campania.it\\\/aperto-il-cantiere-per-la-nuova-piastra-operatoria-allospedale-santanna-e-san-sebastiano\\\/#breadcrumb\",\"itemListElement\":[{\"@type\":\"ListItem\",\"position\":1,\"name\":\"Home\",\"item\":\"https:\\\/\\\/europa.regione.campania.it\\\/\"},{\"@type\":\"ListItem\",\"position\":2,\"name\":\"Aperto il cantiere per la nuova piastra operatoria all\u2019Ospedale Sant\u2019Anna e San Sebastiano\"}]},{\"@type\":\"WebSite\",\"@id\":\"https:\\\/\\\/europa.regione.campania.it\\\/#website\",\"url\":\"https:\\\/\\\/europa.regione.campania.it\\\/\",\"name\":\"Europa Campania\",\"description\":\"Il portale della Coesione in Campania\",\"potentialAction\":[{\"@type\":\"SearchAction\",\"target\":{\"@type\":\"EntryPoint\",\"urlTemplate\":\"https:\\\/\\\/europa.regione.campania.it\\\/?s={search_term_string}\"},\"query-input\":{\"@type\":\"PropertyValueSpecification\",\"valueRequired\":true,\"valueName\":\"search_term_string\"}}],\"inLanguage\":\"es\"},{\"@type\":\"Person\",\"@id\":\"https:\\\/\\\/europa.regione.campania.it\\\/#\\\/schema\\\/person\\\/260e28d5b8eec4abbb4690dfbefcad95\",\"name\":\"Francesco Avati\",\"image\":{\"@type\":\"ImageObject\",\"inLanguage\":\"es\",\"@id\":\"https:\\\/\\\/secure.gravatar.com\\\/avatar\\\/a8326cf055991ab24aa12e80a51e21b41eb344ac213ae74be11b38416198055a?s=96&d=mm&r=g\",\"url\":\"https:\\\/\\\/secure.gravatar.com\\\/avatar\\\/a8326cf055991ab24aa12e80a51e21b41eb344ac213ae74be11b38416198055a?s=96&d=mm&r=g\",\"contentUrl\":\"https:\\\/\\\/secure.gravatar.com\\\/avatar\\\/a8326cf055991ab24aa12e80a51e21b41eb344ac213ae74be11b38416198055a?s=96&d=mm&r=g\",\"caption\":\"Francesco Avati\"},\"url\":\"https:\\\/\\\/europa.regione.campania.it\\\/es\\\/author\\\/francesco-avati\\\/\"}]}<\/script>\n<!-- \/ Yoast SEO plugin. -->","yoast_head_json":{"title":"Aperto il cantiere per la nuova piastra operatoria all\u2019Ospedale Sant\u2019Anna e San Sebastiano - Europa Campania","robots":{"index":"index","follow":"follow","max-snippet":"max-snippet:-1","max-image-preview":"max-image-preview:large","max-video-preview":"max-video-preview:-1"},"canonical":"https:\/\/europa.regione.campania.it\/es\/aperto-il-cantiere-per-la-nuova-piastra-operatoria-allospedale-santanna-e-san-sebastiano\/","og_locale":"es_ES","og_type":"article","og_title":"Aperto il cantiere per la nuova piastra operatoria all\u2019Ospedale Sant\u2019Anna e San Sebastiano - Europa Campania","og_description":"Sono partiti i lavori per la costruzione della nuova piastra operatoria dell\u2019Azienda Ospedaliera Sant\u2019Anna e...","og_url":"https:\/\/europa.regione.campania.it\/es\/aperto-il-cantiere-per-la-nuova-piastra-operatoria-allospedale-santanna-e-san-sebastiano\/","og_site_name":"Europa Campania","article_published_time":"2024-10-15T15:28:00+00:00","article_modified_time":"2025-09-18T12:22:42+00:00","og_image":[{"width":1920,"height":1080,"url":"https:\/\/europa.regione.campania.it\/wp-content\/uploads\/2025\/09\/Nuova-piastra-operatoria-ospedale-caserta.jpg","type":"image\/jpeg"}],"author":"Francesco Avati","twitter_card":"summary_large_image","twitter_misc":{"Escrito por":false,"Tiempo de lectura":"1 minuto"},"schema":{"@context":"https:\/\/schema.org","@graph":[{"@type":"Article","@id":"https:\/\/europa.regione.campania.it\/aperto-il-cantiere-per-la-nuova-piastra-operatoria-allospedale-santanna-e-san-sebastiano\/#article","isPartOf":{"@id":"https:\/\/europa.regione.campania.it\/aperto-il-cantiere-per-la-nuova-piastra-operatoria-allospedale-santanna-e-san-sebastiano\/"},"author":{"name":"Francesco Avati","@id":"https:\/\/europa.regione.campania.it\/#\/schema\/person\/260e28d5b8eec4abbb4690dfbefcad95"},"headline":"Aperto il cantiere per la nuova piastra operatoria all\u2019Ospedale Sant\u2019Anna e San Sebastiano","datePublished":"2024-10-15T15:28:00+00:00","dateModified":"2025-09-18T12:22:42+00:00","mainEntityOfPage":{"@id":"https:\/\/europa.regione.campania.it\/aperto-il-cantiere-per-la-nuova-piastra-operatoria-allospedale-santanna-e-san-sebastiano\/"},"wordCount":159,"image":{"@id":"https:\/\/europa.regione.campania.it\/aperto-il-cantiere-per-la-nuova-piastra-operatoria-allospedale-santanna-e-san-sebastiano\/#primaryimage"},"thumbnailUrl":"https:\/\/europa.regione.campania.it\/wp-content\/uploads\/2025\/09\/Nuova-piastra-operatoria-ospedale-caserta.jpg","keywords":["Infrastrutture","Sanit\u00e0"],"articleSection":["News","PNRR"],"inLanguage":"es"},{"@type":"WebPage","@id":"https:\/\/europa.regione.campania.it\/aperto-il-cantiere-per-la-nuova-piastra-operatoria-allospedale-santanna-e-san-sebastiano\/","url":"https:\/\/europa.regione.campania.it\/aperto-il-cantiere-per-la-nuova-piastra-operatoria-allospedale-santanna-e-san-sebastiano\/","name":"Aperto il cantiere per la nuova piastra operatoria all\u2019Ospedale Sant\u2019Anna e San Sebastiano - Europa Campania","isPartOf":{"@id":"https:\/\/europa.regione.campania.it\/#website"},"primaryImageOfPage":{"@id":"https:\/\/europa.regione.campania.it\/aperto-il-cantiere-per-la-nuova-piastra-operatoria-allospedale-santanna-e-san-sebastiano\/#primaryimage"},"image":{"@id":"https:\/\/europa.regione.campania.it\/aperto-il-cantiere-per-la-nuova-piastra-operatoria-allospedale-santanna-e-san-sebastiano\/#primaryimage"},"thumbnailUrl":"https:\/\/europa.regione.campania.it\/wp-content\/uploads\/2025\/09\/Nuova-piastra-operatoria-ospedale-caserta.jpg","datePublished":"2024-10-15T15:28:00+00:00","dateModified":"2025-09-18T12:22:42+00:00","author":{"@id":"https:\/\/europa.regione.campania.it\/#\/schema\/person\/260e28d5b8eec4abbb4690dfbefcad95"},"breadcrumb":{"@id":"https:\/\/europa.regione.campania.it\/aperto-il-cantiere-per-la-nuova-piastra-operatoria-allospedale-santanna-e-san-sebastiano\/#breadcrumb"},"inLanguage":"es","potentialAction":[{"@type":"ReadAction","target":["https:\/\/europa.regione.campania.it\/aperto-il-cantiere-per-la-nuova-piastra-operatoria-allospedale-santanna-e-san-sebastiano\/"]}]},{"@type":"ImageObject","inLanguage":"es","@id":"https:\/\/europa.regione.campania.it\/aperto-il-cantiere-per-la-nuova-piastra-operatoria-allospedale-santanna-e-san-sebastiano\/#primaryimage","url":"https:\/\/europa.regione.campania.it\/wp-content\/uploads\/2025\/09\/Nuova-piastra-operatoria-ospedale-caserta.jpg","contentUrl":"https:\/\/europa.regione.campania.it\/wp-content\/uploads\/2025\/09\/Nuova-piastra-operatoria-ospedale-caserta.jpg","width":1920,"height":1080},{"@type":"BreadcrumbList","@id":"https:\/\/europa.regione.campania.it\/aperto-il-cantiere-per-la-nuova-piastra-operatoria-allospedale-santanna-e-san-sebastiano\/#breadcrumb","itemListElement":[{"@type":"ListItem","position":1,"name":"Home","item":"https:\/\/europa.regione.campania.it\/"},{"@type":"ListItem","position":2,"name":"Aperto il cantiere per la nuova piastra operatoria all\u2019Ospedale Sant\u2019Anna e San Sebastiano"}]},{"@type":"WebSite","@id":"https:\/\/europa.regione.campania.it\/#website","url":"https:\/\/europa.regione.campania.it\/","name":"Europa Campania","description":"Il portale della Coesione in Campania","potentialAction":[{"@type":"SearchAction","target":{"@type":"EntryPoint","urlTemplate":"https:\/\/europa.regione.campania.it\/?s={search_term_string}"},"query-input":{"@type":"PropertyValueSpecification","valueRequired":true,"valueName":"search_term_string"}}],"inLanguage":"es"},{"@type":"Person","@id":"https:\/\/europa.regione.campania.it\/#\/schema\/person\/260e28d5b8eec4abbb4690dfbefcad95","name":"Francesco Avati","image":{"@type":"ImageObject","inLanguage":"es","@id":"https:\/\/secure.gravatar.com\/avatar\/a8326cf055991ab24aa12e80a51e21b41eb344ac213ae74be11b38416198055a?s=96&d=mm&r=g","url":"https:\/\/secure.gravatar.com\/avatar\/a8326cf055991ab24aa12e80a51e21b41eb344ac213ae74be11b38416198055a?s=96&d=mm&r=g","contentUrl":"https:\/\/secure.gravatar.com\/avatar\/a8326cf055991ab24aa12e80a51e21b41eb344ac213ae74be11b38416198055a?s=96&d=mm&r=g","caption":"Francesco Avati"},"url":"https:\/\/europa.regione.campania.it\/es\/author\/francesco-avati\/"}]}},"_links":{"self":[{"href":"https:\/\/europa.regione.campania.it\/es\/wp-json\/wp\/v2\/posts\/8127","targetHints":{"allow":["GET"]}}],"collection":[{"href":"https:\/\/europa.regione.campania.it\/es\/wp-json\/wp\/v2\/posts"}],"about":[{"href":"https:\/\/europa.regione.campania.it\/es\/wp-json\/wp\/v2\/types\/post"}],"author":[{"embeddable":true,"href":"https:\/\/europa.regione.campania.it\/es\/wp-json\/wp\/v2\/users\/6"}],"replies":[{"embeddable":true,"href":"https:\/\/europa.regione.campania.it\/es\/wp-json\/wp\/v2\/comments?post=8127"}],"version-history":[{"count":1,"href":"https:\/\/europa.regione.campania.it\/es\/wp-json\/wp\/v2\/posts\/8127\/revisions"}],"predecessor-version":[{"id":8130,"href":"https:\/\/europa.regione.campania.it\/es\/wp-json\/wp\/v2\/posts\/8127\/revisions\/8130"}],"wp:featuredmedia":[{"embeddable":true,"href":"https:\/\/europa.regione.campania.it\/es\/wp-json\/wp\/v2\/media\/8129"}],"wp:attachment":[{"href":"https:\/\/europa.regione.campania.it\/es\/wp-json\/wp\/v2\/media?parent=8127"}],"wp:term":[{"taxonomy":"category","embeddable":true,"href":"https:\/\/europa.regione.campania.it\/es\/wp-json\/wp\/v2\/categories?post=8127"},{"taxonomy":"post_tag","embeddable":true,"href":"https:\/\/europa.regione.campania.it\/es\/wp-json\/wp\/v2\/tags?post=8127"}],"curies":[{"name":"wp","href":"https:\/\/api.w.org\/{rel}","templated":true}]}}