{"id":490,"date":"2022-01-11T09:01:05","date_gmt":"2022-01-11T08:01:05","guid":{"rendered":"https:\/\/europa.regione.campania.it\/?p=490"},"modified":"2024-05-16T14:34:46","modified_gmt":"2024-05-16T12:34:46","slug":"fondo-regionale-per-la-crescita-200-milioni-alle-imprese","status":"publish","type":"post","link":"https:\/\/europa.regione.campania.it\/fr\/fondo-regionale-per-la-crescita-200-milioni-alle-imprese\/","title":{"rendered":"Fonds r\u00e9gional pour la croissance, 200 millions pour les entreprises"},"content":{"rendered":"<p>Le <strong>FONDS DE CROISSANCE R\u00c9GIONALE CAMPANIE (FRC)<\/strong> il s\u2019agit d\u2019un instrument financier compos\u00e9 d\u2019une contribution non remboursable et d\u2019un pr\u00eat subventionn\u00e9 visant \u00e0 soutenir les investissements destin\u00e9s \u00e0 la r\u00e9alisation d\u2019investissements de renforcement et de restructuration des entreprises ainsi qu\u2019\u00e0 l\u2019innovation productive, organisationnelle et en mati\u00e8re d\u2019efficacit\u00e9 \u00e9nerg\u00e9tique, dict\u00e9e par les paradigmes post-COVID.<\/p>\n\n\n\n<p>Les ressources mises \u00e0 disposition par la r\u00e9gion Campanie&nbsp;<strong>pour un montant de 196,5 millions d\u2019euros <a href=\"http:\/\/porfesr.regione.campania.it\/\" target=\"_blank\" rel=\"noreferrer noopener\">Fonds du FEDER pour la Campanie<\/a>.<\/strong><\/p>\n\n\n\n<figure class=\"wp-block-embed is-type-video is-provider-youtube wp-block-embed-youtube wp-embed-aspect-16-9 wp-has-aspect-ratio\"><div class=\"wp-block-embed__wrapper\">\n<iframe loading=\"lazy\" title=\"200 millions pour les entreprises, d\u00e9couvrez l&#039;avis du Fonds r\u00e9gional pour la croissance\" width=\"1080\" height=\"608\" src=\"https:\/\/www.youtube.com\/embed\/kDCMG-u3ERI?feature=oembed\" frameborder=\"0\" allow=\"accelerometer; autoplay; clipboard-write; encrypted-media; gyroscope; picture-in-picture; web-share\" referrerpolicy=\"strict-origin-when-cross-origin\" allowfullscreen><\/iframe>\n<\/div><\/figure>\n\n\n\n<p>La facilit\u00e9 s\u2019adresse aux b\u00e9n\u00e9ficiaires suivants:<\/p>\n\n\n\n<ul class=\"wp-block-list\"><li><strong>Petites et microentreprises<\/strong>, qui sont \u00e9tablies et enregistr\u00e9es au registre des soci\u00e9t\u00e9s de la Chambre de commerce, d\u2019industrie, d\u2019artisanat et d\u2019agriculture, comp\u00e9tente pour le territoire pendant au moins 12 mois avant la date de publication du pr\u00e9sent avis sur la BURC<\/li><li><strong>Freelances&nbsp;<\/strong>Ils sont trait\u00e9s de la m\u00eame mani\u00e8re que les PME aux fins de l\u2019acc\u00e8s aux facilit\u00e9s pr\u00e9vues dans la programmation des Fonds structurels 2014-2020, qui d\u00e9tiennent un num\u00e9ro de TVA pendant au moins 12 mois avant la date de publication de la pr\u00e9sente communication sur la BURC.<\/li><\/ul>\n\n\n\n<p>Trois types d\u2019interventions peuvent \u00eatre r\u00e9alis\u00e9es sur le territoire de la r\u00e9gion de Campanie et portent sur:<\/p>\n\n\n\n<ul class=\"wp-block-list\"><li><strong>La num\u00e9risation et l\u2019industrie 4.0,&nbsp;<\/strong>les investissements tangibles et immat\u00e9riels destin\u00e9s \u00e0 soutenir les processus de r\u00e9organisation et de restructuration de la production pour la transition 4.0;<\/li><li><strong>S\u00e9curit\u00e9 sociale et environnementale et durabilit\u00e9<\/strong>, des investissements visant \u00e0 accro\u00eetre la performance environnementale et sociale de l\u2019entreprise en assurant la sant\u00e9 et la s\u00e9curit\u00e9 des op\u00e9rateurs;<\/li><li><strong>Nouveaux mod\u00e8les organisationnels<\/strong>, investissements visant \u00e0 r\u00e9organiser les processus d\u2019affaires par l\u2019introduction de nouvelles solutions de gestion, d\u2019usines et d\u2019\u00e9quipements visant \u00e0 accro\u00eetre la productivit\u00e9 et la performance \u00e9conomique.<\/li><\/ul>\n\n\n\n<p>Les d\u00e9penses \u00e9ligibles concernent:&nbsp;<strong>Installations et machines, Ing\u00e9nierie des installations, Services r\u00e9els,&nbsp;<\/strong>R\u00e9alisation de<strong>&nbsp;certifications, logiciels, syst\u00e8mes, plates-formes, applications et programmes informatiques, frais administratifs, co\u00fbts d\u2019\u00e9tudes de faisabilit\u00e9, frais de d\u00e9livrance de certificats de comptabilit\u00e9 technique et garanties pour couvrir le remboursement du pr\u00eat.<\/strong><\/p>\n\n\n\n<p>Les prestations sont accord\u00e9es, \u00e0 titre de minimis, pour couvrir les 100% le programme des d\u00e9penses \u00e9ligibles, ventil\u00e9 comme suit:<\/p>\n\n\n\n<ul class=\"wp-block-list\"><li><strong>50%<\/strong>&nbsp;les d\u00e9penses \u00e9ligibles,&nbsp;<strong>en tant que contribution non remboursable<\/strong>;<\/li><li><strong>50%<\/strong>&nbsp;les d\u00e9penses \u00e9ligibles,&nbsp;<strong>en tant que financement sans int\u00e9r\u00eat<\/strong>.<\/li><\/ul>\n\n\n\n<p>Le financement est soumis aux conditions suivantes:<\/p>\n\n\n\n<ul class=\"wp-block-list\"><li>Dur\u00e9e totale: 6 ans<\/li><li>Remboursement: 60 mois avec versements trimestriels report\u00e9s \u00e0 des parts de capital constantes (amortissement italien), plus 12 mois de report \u00e0 compter de la date de paiement de l\u2019avance.<\/li><li>Taux d\u2019int\u00e9r\u00eat: 0%.<\/li><li>Les garanties personnelles et\/ou r\u00e9elles fournies par les parties et selon les modalit\u00e9s pr\u00e9vues dans l\u2019avis.<\/li><\/ul>\n\n\n\n<p>Le programme de d\u00e9penses doit \u00eatre compris entre un montant minimal de&nbsp;<strong>30,000\u00a0EUR<\/strong>&nbsp;et un montant maximal de&nbsp;<strong>150,000\u00a0EUR<\/strong>.<\/p>\n\n\n\n<h2 class=\"wp-block-heading\"><strong>Comment et quand postuler<\/strong><\/h2>\n\n\n\n<p>Pour acc\u00e9der aux installations, les demandeurs doivent soumettre une demande sp\u00e9cifique de facilitation, exclusivement par voie \u00e9lectronique uniquement par le biais d\u2019une identit\u00e9 num\u00e9rique (SPID ou CNS), au nom du demandeur, sous peine d\u2019exclusion, via la plateforme \u00e0 l\u2019adresse suivante:&nbsp;<strong>incentives.sviluppocampania.it<br><\/strong>La demande peut \u00eatre soumise<strong>&nbsp;du 10 f\u00e9vrier 2022 \u00e0 12 heures le 14 mars 2022 \u00e0 midi<\/strong>.<br>\u00c0 partir du 20 janvier 2022, les formulaires de d\u00e9p\u00f4t des demandes de facilitation seront mis \u00e0 disposition sur les sites web de la r\u00e9gion de Campanie et du d\u00e9veloppement de la Campanie.<\/p>","protected":false},"excerpt":{"rendered":"<p>Le CAMPANIA REGIONAL GROWTH FUND (FRC) est un instrument financier compos\u00e9 d'un...<\/p>","protected":false},"author":2,"featured_media":491,"comment_status":"closed","ping_status":"open","sticky":false,"template":"","format":"standard","meta":{"ngg_post_thumbnail":0,"footnotes":""},"categories":[99],"tags":[],"class_list":{"0":"post-490","1":"post","2":"type-post","3":"status-publish","4":"format-standard","5":"has-post-thumbnail","7":"category-news"},"yoast_head":"<!-- This site is optimized with the Yoast SEO plugin v27.4 - https:\/\/yoast.com\/product\/yoast-seo-wordpress\/ -->\n<title>Fondo Regionale per la Crescita, 200 milioni alle imprese - Europa Campania<\/title>\n<meta name=\"description\" content=\"Stanziati 200 milioni di euro nel Fondo per la Crescita della Campania per finanziare interventi a sostegno delle imprese.\" \/>\n<meta name=\"robots\" content=\"index, follow, max-snippet:-1, max-image-preview:large, max-video-preview:-1\" \/>\n<link rel=\"canonical\" href=\"https:\/\/europa.regione.campania.it\/fr\/fondo-regionale-per-la-crescita-200-milioni-alle-imprese\/\" \/>\n<meta property=\"og:locale\" content=\"fr_FR\" \/>\n<meta property=\"og:type\" content=\"article\" \/>\n<meta property=\"og:title\" content=\"Fondo Regionale per la Crescita, 200 milioni alle imprese - Europa Campania\" \/>\n<meta property=\"og:description\" content=\"Stanziati 200 milioni di euro nel Fondo per la Crescita della Campania per finanziare interventi a sostegno delle imprese.\" \/>\n<meta property=\"og:url\" content=\"https:\/\/europa.regione.campania.it\/fr\/fondo-regionale-per-la-crescita-200-milioni-alle-imprese\/\" \/>\n<meta property=\"og:site_name\" content=\"Europa Campania\" \/>\n<meta property=\"article:published_time\" content=\"2022-01-11T08:01:05+00:00\" \/>\n<meta property=\"article:modified_time\" content=\"2024-05-16T12:34:46+00:00\" \/>\n<meta property=\"og:image\" content=\"https:\/\/europa.regione.campania.it\/wp-content\/uploads\/2022\/01\/senior-businesswoman-using-tablet-in-a-factory-2022-01-06-19-44-51-utc.png\" \/>\n\t<meta property=\"og:image:width\" content=\"720\" \/>\n\t<meta property=\"og:image:height\" content=\"400\" \/>\n\t<meta property=\"og:image:type\" content=\"image\/png\" \/>\n<meta name=\"author\" content=\"Fabio Relino\" \/>\n<meta name=\"twitter:card\" content=\"summary_large_image\" \/>\n<meta name=\"twitter:label1\" content=\"\u00c9crit par\" \/>\n\t<meta name=\"twitter:data1\" content=\"\" \/>\n\t<meta name=\"twitter:label2\" content=\"Dur\u00e9e de lecture estim\u00e9e\" \/>\n\t<meta name=\"twitter:data2\" content=\"3 minutes\" \/>\n<script type=\"application\/ld+json\" class=\"yoast-schema-graph\">{\"@context\":\"https:\\\/\\\/schema.org\",\"@graph\":[{\"@type\":\"Article\",\"@id\":\"https:\\\/\\\/europa.regione.campania.it\\\/fondo-regionale-per-la-crescita-200-milioni-alle-imprese\\\/#article\",\"isPartOf\":{\"@id\":\"https:\\\/\\\/europa.regione.campania.it\\\/fondo-regionale-per-la-crescita-200-milioni-alle-imprese\\\/\"},\"author\":{\"name\":\"Fabio Relino\",\"@id\":\"https:\\\/\\\/europa.regione.campania.it\\\/#\\\/schema\\\/person\\\/03c64b53aefbe0cec226ca01d38134da\"},\"headline\":\"Fondo Regionale per la Crescita, 200 milioni alle imprese\",\"datePublished\":\"2022-01-11T08:01:05+00:00\",\"dateModified\":\"2024-05-16T12:34:46+00:00\",\"mainEntityOfPage\":{\"@id\":\"https:\\\/\\\/europa.regione.campania.it\\\/fondo-regionale-per-la-crescita-200-milioni-alle-imprese\\\/\"},\"wordCount\":514,\"image\":{\"@id\":\"https:\\\/\\\/europa.regione.campania.it\\\/fondo-regionale-per-la-crescita-200-milioni-alle-imprese\\\/#primaryimage\"},\"thumbnailUrl\":\"https:\\\/\\\/europa.regione.campania.it\\\/wp-content\\\/uploads\\\/2022\\\/01\\\/senior-businesswoman-using-tablet-in-a-factory-2022-01-06-19-44-51-utc.png\",\"articleSection\":[\"News\"],\"inLanguage\":\"fr-FR\"},{\"@type\":\"WebPage\",\"@id\":\"https:\\\/\\\/europa.regione.campania.it\\\/fondo-regionale-per-la-crescita-200-milioni-alle-imprese\\\/\",\"url\":\"https:\\\/\\\/europa.regione.campania.it\\\/fondo-regionale-per-la-crescita-200-milioni-alle-imprese\\\/\",\"name\":\"Fondo Regionale per la Crescita, 200 milioni alle imprese - Europa Campania\",\"isPartOf\":{\"@id\":\"https:\\\/\\\/europa.regione.campania.it\\\/#website\"},\"primaryImageOfPage\":{\"@id\":\"https:\\\/\\\/europa.regione.campania.it\\\/fondo-regionale-per-la-crescita-200-milioni-alle-imprese\\\/#primaryimage\"},\"image\":{\"@id\":\"https:\\\/\\\/europa.regione.campania.it\\\/fondo-regionale-per-la-crescita-200-milioni-alle-imprese\\\/#primaryimage\"},\"thumbnailUrl\":\"https:\\\/\\\/europa.regione.campania.it\\\/wp-content\\\/uploads\\\/2022\\\/01\\\/senior-businesswoman-using-tablet-in-a-factory-2022-01-06-19-44-51-utc.png\",\"datePublished\":\"2022-01-11T08:01:05+00:00\",\"dateModified\":\"2024-05-16T12:34:46+00:00\",\"author\":{\"@id\":\"https:\\\/\\\/europa.regione.campania.it\\\/#\\\/schema\\\/person\\\/03c64b53aefbe0cec226ca01d38134da\"},\"description\":\"Stanziati 200 milioni di euro nel Fondo per la Crescita della Campania per finanziare interventi a sostegno delle imprese.\",\"breadcrumb\":{\"@id\":\"https:\\\/\\\/europa.regione.campania.it\\\/fondo-regionale-per-la-crescita-200-milioni-alle-imprese\\\/#breadcrumb\"},\"inLanguage\":\"fr-FR\",\"potentialAction\":[{\"@type\":\"ReadAction\",\"target\":[\"https:\\\/\\\/europa.regione.campania.it\\\/fondo-regionale-per-la-crescita-200-milioni-alle-imprese\\\/\"]}]},{\"@type\":\"ImageObject\",\"inLanguage\":\"fr-FR\",\"@id\":\"https:\\\/\\\/europa.regione.campania.it\\\/fondo-regionale-per-la-crescita-200-milioni-alle-imprese\\\/#primaryimage\",\"url\":\"https:\\\/\\\/europa.regione.campania.it\\\/wp-content\\\/uploads\\\/2022\\\/01\\\/senior-businesswoman-using-tablet-in-a-factory-2022-01-06-19-44-51-utc.png\",\"contentUrl\":\"https:\\\/\\\/europa.regione.campania.it\\\/wp-content\\\/uploads\\\/2022\\\/01\\\/senior-businesswoman-using-tablet-in-a-factory-2022-01-06-19-44-51-utc.png\",\"width\":720,\"height\":400},{\"@type\":\"BreadcrumbList\",\"@id\":\"https:\\\/\\\/europa.regione.campania.it\\\/fondo-regionale-per-la-crescita-200-milioni-alle-imprese\\\/#breadcrumb\",\"itemListElement\":[{\"@type\":\"ListItem\",\"position\":1,\"name\":\"Home\",\"item\":\"https:\\\/\\\/europa.regione.campania.it\\\/\"},{\"@type\":\"ListItem\",\"position\":2,\"name\":\"Fondo Regionale per la Crescita, 200 milioni alle imprese\"}]},{\"@type\":\"WebSite\",\"@id\":\"https:\\\/\\\/europa.regione.campania.it\\\/#website\",\"url\":\"https:\\\/\\\/europa.regione.campania.it\\\/\",\"name\":\"Europa Campania\",\"description\":\"Il portale della Coesione in Campania\",\"potentialAction\":[{\"@type\":\"SearchAction\",\"target\":{\"@type\":\"EntryPoint\",\"urlTemplate\":\"https:\\\/\\\/europa.regione.campania.it\\\/?s={search_term_string}\"},\"query-input\":{\"@type\":\"PropertyValueSpecification\",\"valueRequired\":true,\"valueName\":\"search_term_string\"}}],\"inLanguage\":\"fr-FR\"},{\"@type\":\"Person\",\"@id\":\"https:\\\/\\\/europa.regione.campania.it\\\/#\\\/schema\\\/person\\\/03c64b53aefbe0cec226ca01d38134da\",\"name\":\"Fabio Relino\",\"image\":{\"@type\":\"ImageObject\",\"inLanguage\":\"fr-FR\",\"@id\":\"https:\\\/\\\/secure.gravatar.com\\\/avatar\\\/7e0281d6636b423bf79bde41d7871d92cd56488e08800d1c9917e3a1a62e579f?s=96&d=mm&r=g\",\"url\":\"https:\\\/\\\/secure.gravatar.com\\\/avatar\\\/7e0281d6636b423bf79bde41d7871d92cd56488e08800d1c9917e3a1a62e579f?s=96&d=mm&r=g\",\"contentUrl\":\"https:\\\/\\\/secure.gravatar.com\\\/avatar\\\/7e0281d6636b423bf79bde41d7871d92cd56488e08800d1c9917e3a1a62e579f?s=96&d=mm&r=g\",\"caption\":\"Fabio Relino\"},\"url\":\"https:\\\/\\\/europa.regione.campania.it\\\/fr\\\/author\\\/fabio-relino\\\/\"}]}<\/script>\n<!-- \/ Yoast SEO plugin. -->","yoast_head_json":{"title":"Fondo Regionale per la Crescita, 200 milioni alle imprese - Europa Campania","description":"Stanziati 200 milioni di euro nel Fondo per la Crescita della Campania per finanziare interventi a sostegno delle imprese.","robots":{"index":"index","follow":"follow","max-snippet":"max-snippet:-1","max-image-preview":"max-image-preview:large","max-video-preview":"max-video-preview:-1"},"canonical":"https:\/\/europa.regione.campania.it\/fr\/fondo-regionale-per-la-crescita-200-milioni-alle-imprese\/","og_locale":"fr_FR","og_type":"article","og_title":"Fondo Regionale per la Crescita, 200 milioni alle imprese - Europa Campania","og_description":"Stanziati 200 milioni di euro nel Fondo per la Crescita della Campania per finanziare interventi a sostegno delle imprese.","og_url":"https:\/\/europa.regione.campania.it\/fr\/fondo-regionale-per-la-crescita-200-milioni-alle-imprese\/","og_site_name":"Europa Campania","article_published_time":"2022-01-11T08:01:05+00:00","article_modified_time":"2024-05-16T12:34:46+00:00","og_image":[{"width":720,"height":400,"url":"https:\/\/europa.regione.campania.it\/wp-content\/uploads\/2022\/01\/senior-businesswoman-using-tablet-in-a-factory-2022-01-06-19-44-51-utc.png","type":"image\/png"}],"author":"Fabio Relino","twitter_card":"summary_large_image","twitter_misc":{"\u00c9crit par":false,"Dur\u00e9e de lecture estim\u00e9e":"3 minutes"},"schema":{"@context":"https:\/\/schema.org","@graph":[{"@type":"Article","@id":"https:\/\/europa.regione.campania.it\/fondo-regionale-per-la-crescita-200-milioni-alle-imprese\/#article","isPartOf":{"@id":"https:\/\/europa.regione.campania.it\/fondo-regionale-per-la-crescita-200-milioni-alle-imprese\/"},"author":{"name":"Fabio Relino","@id":"https:\/\/europa.regione.campania.it\/#\/schema\/person\/03c64b53aefbe0cec226ca01d38134da"},"headline":"Fondo Regionale per la Crescita, 200 milioni alle imprese","datePublished":"2022-01-11T08:01:05+00:00","dateModified":"2024-05-16T12:34:46+00:00","mainEntityOfPage":{"@id":"https:\/\/europa.regione.campania.it\/fondo-regionale-per-la-crescita-200-milioni-alle-imprese\/"},"wordCount":514,"image":{"@id":"https:\/\/europa.regione.campania.it\/fondo-regionale-per-la-crescita-200-milioni-alle-imprese\/#primaryimage"},"thumbnailUrl":"https:\/\/europa.regione.campania.it\/wp-content\/uploads\/2022\/01\/senior-businesswoman-using-tablet-in-a-factory-2022-01-06-19-44-51-utc.png","articleSection":["News"],"inLanguage":"fr-FR"},{"@type":"WebPage","@id":"https:\/\/europa.regione.campania.it\/fondo-regionale-per-la-crescita-200-milioni-alle-imprese\/","url":"https:\/\/europa.regione.campania.it\/fondo-regionale-per-la-crescita-200-milioni-alle-imprese\/","name":"Fondo Regionale per la Crescita, 200 milioni alle imprese - Europa Campania","isPartOf":{"@id":"https:\/\/europa.regione.campania.it\/#website"},"primaryImageOfPage":{"@id":"https:\/\/europa.regione.campania.it\/fondo-regionale-per-la-crescita-200-milioni-alle-imprese\/#primaryimage"},"image":{"@id":"https:\/\/europa.regione.campania.it\/fondo-regionale-per-la-crescita-200-milioni-alle-imprese\/#primaryimage"},"thumbnailUrl":"https:\/\/europa.regione.campania.it\/wp-content\/uploads\/2022\/01\/senior-businesswoman-using-tablet-in-a-factory-2022-01-06-19-44-51-utc.png","datePublished":"2022-01-11T08:01:05+00:00","dateModified":"2024-05-16T12:34:46+00:00","author":{"@id":"https:\/\/europa.regione.campania.it\/#\/schema\/person\/03c64b53aefbe0cec226ca01d38134da"},"description":"Stanziati 200 milioni di euro nel Fondo per la Crescita della Campania per finanziare interventi a sostegno delle imprese.","breadcrumb":{"@id":"https:\/\/europa.regione.campania.it\/fondo-regionale-per-la-crescita-200-milioni-alle-imprese\/#breadcrumb"},"inLanguage":"fr-FR","potentialAction":[{"@type":"ReadAction","target":["https:\/\/europa.regione.campania.it\/fondo-regionale-per-la-crescita-200-milioni-alle-imprese\/"]}]},{"@type":"ImageObject","inLanguage":"fr-FR","@id":"https:\/\/europa.regione.campania.it\/fondo-regionale-per-la-crescita-200-milioni-alle-imprese\/#primaryimage","url":"https:\/\/europa.regione.campania.it\/wp-content\/uploads\/2022\/01\/senior-businesswoman-using-tablet-in-a-factory-2022-01-06-19-44-51-utc.png","contentUrl":"https:\/\/europa.regione.campania.it\/wp-content\/uploads\/2022\/01\/senior-businesswoman-using-tablet-in-a-factory-2022-01-06-19-44-51-utc.png","width":720,"height":400},{"@type":"BreadcrumbList","@id":"https:\/\/europa.regione.campania.it\/fondo-regionale-per-la-crescita-200-milioni-alle-imprese\/#breadcrumb","itemListElement":[{"@type":"ListItem","position":1,"name":"Home","item":"https:\/\/europa.regione.campania.it\/"},{"@type":"ListItem","position":2,"name":"Fondo Regionale per la Crescita, 200 milioni alle imprese"}]},{"@type":"WebSite","@id":"https:\/\/europa.regione.campania.it\/#website","url":"https:\/\/europa.regione.campania.it\/","name":"Europa Campania","description":"Il portale della Coesione in Campania","potentialAction":[{"@type":"SearchAction","target":{"@type":"EntryPoint","urlTemplate":"https:\/\/europa.regione.campania.it\/?s={search_term_string}"},"query-input":{"@type":"PropertyValueSpecification","valueRequired":true,"valueName":"search_term_string"}}],"inLanguage":"fr-FR"},{"@type":"Person","@id":"https:\/\/europa.regione.campania.it\/#\/schema\/person\/03c64b53aefbe0cec226ca01d38134da","name":"Fabio Relino","image":{"@type":"ImageObject","inLanguage":"fr-FR","@id":"https:\/\/secure.gravatar.com\/avatar\/7e0281d6636b423bf79bde41d7871d92cd56488e08800d1c9917e3a1a62e579f?s=96&d=mm&r=g","url":"https:\/\/secure.gravatar.com\/avatar\/7e0281d6636b423bf79bde41d7871d92cd56488e08800d1c9917e3a1a62e579f?s=96&d=mm&r=g","contentUrl":"https:\/\/secure.gravatar.com\/avatar\/7e0281d6636b423bf79bde41d7871d92cd56488e08800d1c9917e3a1a62e579f?s=96&d=mm&r=g","caption":"Fabio Relino"},"url":"https:\/\/europa.regione.campania.it\/fr\/author\/fabio-relino\/"}]}},"_links":{"self":[{"href":"https:\/\/europa.regione.campania.it\/fr\/wp-json\/wp\/v2\/posts\/490","targetHints":{"allow":["GET"]}}],"collection":[{"href":"https:\/\/europa.regione.campania.it\/fr\/wp-json\/wp\/v2\/posts"}],"about":[{"href":"https:\/\/europa.regione.campania.it\/fr\/wp-json\/wp\/v2\/types\/post"}],"author":[{"embeddable":true,"href":"https:\/\/europa.regione.campania.it\/fr\/wp-json\/wp\/v2\/users\/2"}],"replies":[{"embeddable":true,"href":"https:\/\/europa.regione.campania.it\/fr\/wp-json\/wp\/v2\/comments?post=490"}],"version-history":[{"count":2,"href":"https:\/\/europa.regione.campania.it\/fr\/wp-json\/wp\/v2\/posts\/490\/revisions"}],"predecessor-version":[{"id":493,"href":"https:\/\/europa.regione.campania.it\/fr\/wp-json\/wp\/v2\/posts\/490\/revisions\/493"}],"wp:featuredmedia":[{"embeddable":true,"href":"https:\/\/europa.regione.campania.it\/fr\/wp-json\/wp\/v2\/media\/491"}],"wp:attachment":[{"href":"https:\/\/europa.regione.campania.it\/fr\/wp-json\/wp\/v2\/media?parent=490"}],"wp:term":[{"taxonomy":"category","embeddable":true,"href":"https:\/\/europa.regione.campania.it\/fr\/wp-json\/wp\/v2\/categories?post=490"},{"taxonomy":"post_tag","embeddable":true,"href":"https:\/\/europa.regione.campania.it\/fr\/wp-json\/wp\/v2\/tags?post=490"}],"curies":[{"name":"wp","href":"https:\/\/api.w.org\/{rel}","templated":true}]}}