{"id":8127,"date":"2024-10-15T17:28:00","date_gmt":"2024-10-15T15:28:00","guid":{"rendered":"https:\/\/europa.regione.campania.it\/?p=8127"},"modified":"2025-09-18T14:22:42","modified_gmt":"2025-09-18T12:22:42","slug":"aperto-il-cantiere-per-la-nuova-piastra-operatoria-allospedale-santanna-e-san-sebastiano","status":"publish","type":"post","link":"https:\/\/europa.regione.campania.it\/fr\/aperto-il-cantiere-per-la-nuova-piastra-operatoria-allospedale-santanna-e-san-sebastiano\/","title":{"rendered":"Ouverture du chantier de la nouvelle plaque d\u2019op\u00e9ration de l\u2019h\u00f4pital de Sant\u2019Anna et de San Sebastiano"},"content":{"rendered":"<p>Les travaux de construction de la nouvelle plaque d\u2019op\u00e9ration de l\u2019h\u00f4pital Sant\u2019Anna et de l\u2019h\u00f4pital San Sebastiano de Caserta ont d\u00e9but\u00e9, un investissement strat\u00e9gique qui permettra de r\u00e9am\u00e9nager le c\u0153ur chirurgical du principal h\u00f4pital de la province.<\/p>\n\n\n\n<p>Le projet, financ\u00e9 \u00e0 hauteur d\u2019environ 12 millions d\u2019euros par le plan national pour la reprise et la r\u00e9silience (PNRR), pr\u00e9voit la naissance d\u2019un b\u00e2timent moderne sur deux niveaux. Il y aura huit salles d'op\u00e9ration, dont une salle hybride ultramoderne, con\u00e7ue pour int\u00e9grer diff\u00e9rentes sp\u00e9cialit\u00e9s et permettre des interventions complexes avec le soutien des technologies les plus innovantes.<\/p>\n\n\n\n<p>L'objectif est clair: Veiller \u00e0 ce que les patients re\u00e7oivent des soins de plus en plus de qualit\u00e9 et mettre les professionnels dans la meilleure position pour travailler. La nouvelle installation, qui s\u2019inscrit dans le cadre de l\u2019intervention du PNRR intitul\u00e9e \u00abVers un h\u00f4pital s\u00fbr et durable\u00bb, constitue une \u00e9tape importante vers un mod\u00e8le de soins de sant\u00e9 plus efficace, plus technologique et plus convivial pour les communaut\u00e9s.<\/p>","protected":false},"excerpt":{"rendered":"<p>Sono partiti i lavori per la costruzione della nuova piastra operatoria dell\u2019Azienda Ospedaliera Sant\u2019Anna e&#8230;<\/p>","protected":false},"author":6,"featured_media":8129,"comment_status":"closed","ping_status":"open","sticky":false,"template":"","format":"standard","meta":{"ngg_post_thumbnail":0,"footnotes":""},"categories":[99,52],"tags":[111,113],"class_list":{"0":"post-8127","1":"post","2":"type-post","3":"status-publish","4":"format-standard","5":"has-post-thumbnail","7":"category-news","8":"category-pnrr","9":"tag-infrastrutture","10":"tag-sanita"},"yoast_head":"<!-- This site is optimized with the Yoast SEO plugin v27.4 - https:\/\/yoast.com\/product\/yoast-seo-wordpress\/ -->\n<title>Aperto il cantiere per la nuova piastra operatoria all\u2019Ospedale Sant\u2019Anna e San Sebastiano - Europa Campania<\/title>\n<meta name=\"robots\" content=\"index, follow, max-snippet:-1, max-image-preview:large, max-video-preview:-1\" \/>\n<link rel=\"canonical\" href=\"https:\/\/europa.regione.campania.it\/fr\/aperto-il-cantiere-per-la-nuova-piastra-operatoria-allospedale-santanna-e-san-sebastiano\/\" \/>\n<meta property=\"og:locale\" content=\"fr_FR\" \/>\n<meta property=\"og:type\" content=\"article\" \/>\n<meta property=\"og:title\" content=\"Aperto il cantiere per la nuova piastra operatoria all\u2019Ospedale Sant\u2019Anna e San Sebastiano - Europa Campania\" \/>\n<meta property=\"og:description\" content=\"Sono partiti i lavori per la costruzione della nuova piastra operatoria dell\u2019Azienda Ospedaliera Sant\u2019Anna e...\" \/>\n<meta property=\"og:url\" content=\"https:\/\/europa.regione.campania.it\/fr\/aperto-il-cantiere-per-la-nuova-piastra-operatoria-allospedale-santanna-e-san-sebastiano\/\" \/>\n<meta property=\"og:site_name\" content=\"Europa Campania\" \/>\n<meta property=\"article:published_time\" content=\"2024-10-15T15:28:00+00:00\" \/>\n<meta property=\"article:modified_time\" content=\"2025-09-18T12:22:42+00:00\" \/>\n<meta property=\"og:image\" content=\"https:\/\/europa.regione.campania.it\/wp-content\/uploads\/2025\/09\/Nuova-piastra-operatoria-ospedale-caserta.jpg\" \/>\n\t<meta property=\"og:image:width\" content=\"1920\" \/>\n\t<meta property=\"og:image:height\" content=\"1080\" \/>\n\t<meta property=\"og:image:type\" content=\"image\/jpeg\" \/>\n<meta name=\"author\" content=\"Francesco Avati\" \/>\n<meta name=\"twitter:card\" content=\"summary_large_image\" \/>\n<meta name=\"twitter:label1\" content=\"\u00c9crit par\" \/>\n\t<meta name=\"twitter:data1\" content=\"\" \/>\n\t<meta name=\"twitter:label2\" content=\"Dur\u00e9e de lecture estim\u00e9e\" \/>\n\t<meta name=\"twitter:data2\" content=\"1 minute\" \/>\n<script type=\"application\/ld+json\" class=\"yoast-schema-graph\">{\"@context\":\"https:\\\/\\\/schema.org\",\"@graph\":[{\"@type\":\"Article\",\"@id\":\"https:\\\/\\\/europa.regione.campania.it\\\/aperto-il-cantiere-per-la-nuova-piastra-operatoria-allospedale-santanna-e-san-sebastiano\\\/#article\",\"isPartOf\":{\"@id\":\"https:\\\/\\\/europa.regione.campania.it\\\/aperto-il-cantiere-per-la-nuova-piastra-operatoria-allospedale-santanna-e-san-sebastiano\\\/\"},\"author\":{\"name\":\"Francesco Avati\",\"@id\":\"https:\\\/\\\/europa.regione.campania.it\\\/#\\\/schema\\\/person\\\/260e28d5b8eec4abbb4690dfbefcad95\"},\"headline\":\"Aperto il cantiere per la nuova piastra operatoria all\u2019Ospedale Sant\u2019Anna e San Sebastiano\",\"datePublished\":\"2024-10-15T15:28:00+00:00\",\"dateModified\":\"2025-09-18T12:22:42+00:00\",\"mainEntityOfPage\":{\"@id\":\"https:\\\/\\\/europa.regione.campania.it\\\/aperto-il-cantiere-per-la-nuova-piastra-operatoria-allospedale-santanna-e-san-sebastiano\\\/\"},\"wordCount\":159,\"image\":{\"@id\":\"https:\\\/\\\/europa.regione.campania.it\\\/aperto-il-cantiere-per-la-nuova-piastra-operatoria-allospedale-santanna-e-san-sebastiano\\\/#primaryimage\"},\"thumbnailUrl\":\"https:\\\/\\\/europa.regione.campania.it\\\/wp-content\\\/uploads\\\/2025\\\/09\\\/Nuova-piastra-operatoria-ospedale-caserta.jpg\",\"keywords\":[\"Infrastrutture\",\"Sanit\u00e0\"],\"articleSection\":[\"News\",\"PNRR\"],\"inLanguage\":\"fr-FR\"},{\"@type\":\"WebPage\",\"@id\":\"https:\\\/\\\/europa.regione.campania.it\\\/aperto-il-cantiere-per-la-nuova-piastra-operatoria-allospedale-santanna-e-san-sebastiano\\\/\",\"url\":\"https:\\\/\\\/europa.regione.campania.it\\\/aperto-il-cantiere-per-la-nuova-piastra-operatoria-allospedale-santanna-e-san-sebastiano\\\/\",\"name\":\"Aperto il cantiere per la nuova piastra operatoria all\u2019Ospedale Sant\u2019Anna e San Sebastiano - Europa Campania\",\"isPartOf\":{\"@id\":\"https:\\\/\\\/europa.regione.campania.it\\\/#website\"},\"primaryImageOfPage\":{\"@id\":\"https:\\\/\\\/europa.regione.campania.it\\\/aperto-il-cantiere-per-la-nuova-piastra-operatoria-allospedale-santanna-e-san-sebastiano\\\/#primaryimage\"},\"image\":{\"@id\":\"https:\\\/\\\/europa.regione.campania.it\\\/aperto-il-cantiere-per-la-nuova-piastra-operatoria-allospedale-santanna-e-san-sebastiano\\\/#primaryimage\"},\"thumbnailUrl\":\"https:\\\/\\\/europa.regione.campania.it\\\/wp-content\\\/uploads\\\/2025\\\/09\\\/Nuova-piastra-operatoria-ospedale-caserta.jpg\",\"datePublished\":\"2024-10-15T15:28:00+00:00\",\"dateModified\":\"2025-09-18T12:22:42+00:00\",\"author\":{\"@id\":\"https:\\\/\\\/europa.regione.campania.it\\\/#\\\/schema\\\/person\\\/260e28d5b8eec4abbb4690dfbefcad95\"},\"breadcrumb\":{\"@id\":\"https:\\\/\\\/europa.regione.campania.it\\\/aperto-il-cantiere-per-la-nuova-piastra-operatoria-allospedale-santanna-e-san-sebastiano\\\/#breadcrumb\"},\"inLanguage\":\"fr-FR\",\"potentialAction\":[{\"@type\":\"ReadAction\",\"target\":[\"https:\\\/\\\/europa.regione.campania.it\\\/aperto-il-cantiere-per-la-nuova-piastra-operatoria-allospedale-santanna-e-san-sebastiano\\\/\"]}]},{\"@type\":\"ImageObject\",\"inLanguage\":\"fr-FR\",\"@id\":\"https:\\\/\\\/europa.regione.campania.it\\\/aperto-il-cantiere-per-la-nuova-piastra-operatoria-allospedale-santanna-e-san-sebastiano\\\/#primaryimage\",\"url\":\"https:\\\/\\\/europa.regione.campania.it\\\/wp-content\\\/uploads\\\/2025\\\/09\\\/Nuova-piastra-operatoria-ospedale-caserta.jpg\",\"contentUrl\":\"https:\\\/\\\/europa.regione.campania.it\\\/wp-content\\\/uploads\\\/2025\\\/09\\\/Nuova-piastra-operatoria-ospedale-caserta.jpg\",\"width\":1920,\"height\":1080},{\"@type\":\"BreadcrumbList\",\"@id\":\"https:\\\/\\\/europa.regione.campania.it\\\/aperto-il-cantiere-per-la-nuova-piastra-operatoria-allospedale-santanna-e-san-sebastiano\\\/#breadcrumb\",\"itemListElement\":[{\"@type\":\"ListItem\",\"position\":1,\"name\":\"Home\",\"item\":\"https:\\\/\\\/europa.regione.campania.it\\\/\"},{\"@type\":\"ListItem\",\"position\":2,\"name\":\"Aperto il cantiere per la nuova piastra operatoria all\u2019Ospedale Sant\u2019Anna e San Sebastiano\"}]},{\"@type\":\"WebSite\",\"@id\":\"https:\\\/\\\/europa.regione.campania.it\\\/#website\",\"url\":\"https:\\\/\\\/europa.regione.campania.it\\\/\",\"name\":\"Europa Campania\",\"description\":\"Il portale della Coesione in Campania\",\"potentialAction\":[{\"@type\":\"SearchAction\",\"target\":{\"@type\":\"EntryPoint\",\"urlTemplate\":\"https:\\\/\\\/europa.regione.campania.it\\\/?s={search_term_string}\"},\"query-input\":{\"@type\":\"PropertyValueSpecification\",\"valueRequired\":true,\"valueName\":\"search_term_string\"}}],\"inLanguage\":\"fr-FR\"},{\"@type\":\"Person\",\"@id\":\"https:\\\/\\\/europa.regione.campania.it\\\/#\\\/schema\\\/person\\\/260e28d5b8eec4abbb4690dfbefcad95\",\"name\":\"Francesco Avati\",\"image\":{\"@type\":\"ImageObject\",\"inLanguage\":\"fr-FR\",\"@id\":\"https:\\\/\\\/secure.gravatar.com\\\/avatar\\\/a8326cf055991ab24aa12e80a51e21b41eb344ac213ae74be11b38416198055a?s=96&d=mm&r=g\",\"url\":\"https:\\\/\\\/secure.gravatar.com\\\/avatar\\\/a8326cf055991ab24aa12e80a51e21b41eb344ac213ae74be11b38416198055a?s=96&d=mm&r=g\",\"contentUrl\":\"https:\\\/\\\/secure.gravatar.com\\\/avatar\\\/a8326cf055991ab24aa12e80a51e21b41eb344ac213ae74be11b38416198055a?s=96&d=mm&r=g\",\"caption\":\"Francesco Avati\"},\"url\":\"https:\\\/\\\/europa.regione.campania.it\\\/fr\\\/author\\\/francesco-avati\\\/\"}]}<\/script>\n<!-- \/ Yoast SEO plugin. -->","yoast_head_json":{"title":"Aperto il cantiere per la nuova piastra operatoria all\u2019Ospedale Sant\u2019Anna e San Sebastiano - Europa Campania","robots":{"index":"index","follow":"follow","max-snippet":"max-snippet:-1","max-image-preview":"max-image-preview:large","max-video-preview":"max-video-preview:-1"},"canonical":"https:\/\/europa.regione.campania.it\/fr\/aperto-il-cantiere-per-la-nuova-piastra-operatoria-allospedale-santanna-e-san-sebastiano\/","og_locale":"fr_FR","og_type":"article","og_title":"Aperto il cantiere per la nuova piastra operatoria all\u2019Ospedale Sant\u2019Anna e San Sebastiano - Europa Campania","og_description":"Sono partiti i lavori per la costruzione della nuova piastra operatoria dell\u2019Azienda Ospedaliera Sant\u2019Anna e...","og_url":"https:\/\/europa.regione.campania.it\/fr\/aperto-il-cantiere-per-la-nuova-piastra-operatoria-allospedale-santanna-e-san-sebastiano\/","og_site_name":"Europa Campania","article_published_time":"2024-10-15T15:28:00+00:00","article_modified_time":"2025-09-18T12:22:42+00:00","og_image":[{"width":1920,"height":1080,"url":"https:\/\/europa.regione.campania.it\/wp-content\/uploads\/2025\/09\/Nuova-piastra-operatoria-ospedale-caserta.jpg","type":"image\/jpeg"}],"author":"Francesco Avati","twitter_card":"summary_large_image","twitter_misc":{"\u00c9crit par":false,"Dur\u00e9e de lecture estim\u00e9e":"1 minute"},"schema":{"@context":"https:\/\/schema.org","@graph":[{"@type":"Article","@id":"https:\/\/europa.regione.campania.it\/aperto-il-cantiere-per-la-nuova-piastra-operatoria-allospedale-santanna-e-san-sebastiano\/#article","isPartOf":{"@id":"https:\/\/europa.regione.campania.it\/aperto-il-cantiere-per-la-nuova-piastra-operatoria-allospedale-santanna-e-san-sebastiano\/"},"author":{"name":"Francesco Avati","@id":"https:\/\/europa.regione.campania.it\/#\/schema\/person\/260e28d5b8eec4abbb4690dfbefcad95"},"headline":"Aperto il cantiere per la nuova piastra operatoria all\u2019Ospedale Sant\u2019Anna e San Sebastiano","datePublished":"2024-10-15T15:28:00+00:00","dateModified":"2025-09-18T12:22:42+00:00","mainEntityOfPage":{"@id":"https:\/\/europa.regione.campania.it\/aperto-il-cantiere-per-la-nuova-piastra-operatoria-allospedale-santanna-e-san-sebastiano\/"},"wordCount":159,"image":{"@id":"https:\/\/europa.regione.campania.it\/aperto-il-cantiere-per-la-nuova-piastra-operatoria-allospedale-santanna-e-san-sebastiano\/#primaryimage"},"thumbnailUrl":"https:\/\/europa.regione.campania.it\/wp-content\/uploads\/2025\/09\/Nuova-piastra-operatoria-ospedale-caserta.jpg","keywords":["Infrastrutture","Sanit\u00e0"],"articleSection":["News","PNRR"],"inLanguage":"fr-FR"},{"@type":"WebPage","@id":"https:\/\/europa.regione.campania.it\/aperto-il-cantiere-per-la-nuova-piastra-operatoria-allospedale-santanna-e-san-sebastiano\/","url":"https:\/\/europa.regione.campania.it\/aperto-il-cantiere-per-la-nuova-piastra-operatoria-allospedale-santanna-e-san-sebastiano\/","name":"Aperto il cantiere per la nuova piastra operatoria all\u2019Ospedale Sant\u2019Anna e San Sebastiano - Europa Campania","isPartOf":{"@id":"https:\/\/europa.regione.campania.it\/#website"},"primaryImageOfPage":{"@id":"https:\/\/europa.regione.campania.it\/aperto-il-cantiere-per-la-nuova-piastra-operatoria-allospedale-santanna-e-san-sebastiano\/#primaryimage"},"image":{"@id":"https:\/\/europa.regione.campania.it\/aperto-il-cantiere-per-la-nuova-piastra-operatoria-allospedale-santanna-e-san-sebastiano\/#primaryimage"},"thumbnailUrl":"https:\/\/europa.regione.campania.it\/wp-content\/uploads\/2025\/09\/Nuova-piastra-operatoria-ospedale-caserta.jpg","datePublished":"2024-10-15T15:28:00+00:00","dateModified":"2025-09-18T12:22:42+00:00","author":{"@id":"https:\/\/europa.regione.campania.it\/#\/schema\/person\/260e28d5b8eec4abbb4690dfbefcad95"},"breadcrumb":{"@id":"https:\/\/europa.regione.campania.it\/aperto-il-cantiere-per-la-nuova-piastra-operatoria-allospedale-santanna-e-san-sebastiano\/#breadcrumb"},"inLanguage":"fr-FR","potentialAction":[{"@type":"ReadAction","target":["https:\/\/europa.regione.campania.it\/aperto-il-cantiere-per-la-nuova-piastra-operatoria-allospedale-santanna-e-san-sebastiano\/"]}]},{"@type":"ImageObject","inLanguage":"fr-FR","@id":"https:\/\/europa.regione.campania.it\/aperto-il-cantiere-per-la-nuova-piastra-operatoria-allospedale-santanna-e-san-sebastiano\/#primaryimage","url":"https:\/\/europa.regione.campania.it\/wp-content\/uploads\/2025\/09\/Nuova-piastra-operatoria-ospedale-caserta.jpg","contentUrl":"https:\/\/europa.regione.campania.it\/wp-content\/uploads\/2025\/09\/Nuova-piastra-operatoria-ospedale-caserta.jpg","width":1920,"height":1080},{"@type":"BreadcrumbList","@id":"https:\/\/europa.regione.campania.it\/aperto-il-cantiere-per-la-nuova-piastra-operatoria-allospedale-santanna-e-san-sebastiano\/#breadcrumb","itemListElement":[{"@type":"ListItem","position":1,"name":"Home","item":"https:\/\/europa.regione.campania.it\/"},{"@type":"ListItem","position":2,"name":"Aperto il cantiere per la nuova piastra operatoria all\u2019Ospedale Sant\u2019Anna e San Sebastiano"}]},{"@type":"WebSite","@id":"https:\/\/europa.regione.campania.it\/#website","url":"https:\/\/europa.regione.campania.it\/","name":"Europa Campania","description":"Il portale della Coesione in Campania","potentialAction":[{"@type":"SearchAction","target":{"@type":"EntryPoint","urlTemplate":"https:\/\/europa.regione.campania.it\/?s={search_term_string}"},"query-input":{"@type":"PropertyValueSpecification","valueRequired":true,"valueName":"search_term_string"}}],"inLanguage":"fr-FR"},{"@type":"Person","@id":"https:\/\/europa.regione.campania.it\/#\/schema\/person\/260e28d5b8eec4abbb4690dfbefcad95","name":"Francesco Avati","image":{"@type":"ImageObject","inLanguage":"fr-FR","@id":"https:\/\/secure.gravatar.com\/avatar\/a8326cf055991ab24aa12e80a51e21b41eb344ac213ae74be11b38416198055a?s=96&d=mm&r=g","url":"https:\/\/secure.gravatar.com\/avatar\/a8326cf055991ab24aa12e80a51e21b41eb344ac213ae74be11b38416198055a?s=96&d=mm&r=g","contentUrl":"https:\/\/secure.gravatar.com\/avatar\/a8326cf055991ab24aa12e80a51e21b41eb344ac213ae74be11b38416198055a?s=96&d=mm&r=g","caption":"Francesco Avati"},"url":"https:\/\/europa.regione.campania.it\/fr\/author\/francesco-avati\/"}]}},"_links":{"self":[{"href":"https:\/\/europa.regione.campania.it\/fr\/wp-json\/wp\/v2\/posts\/8127","targetHints":{"allow":["GET"]}}],"collection":[{"href":"https:\/\/europa.regione.campania.it\/fr\/wp-json\/wp\/v2\/posts"}],"about":[{"href":"https:\/\/europa.regione.campania.it\/fr\/wp-json\/wp\/v2\/types\/post"}],"author":[{"embeddable":true,"href":"https:\/\/europa.regione.campania.it\/fr\/wp-json\/wp\/v2\/users\/6"}],"replies":[{"embeddable":true,"href":"https:\/\/europa.regione.campania.it\/fr\/wp-json\/wp\/v2\/comments?post=8127"}],"version-history":[{"count":1,"href":"https:\/\/europa.regione.campania.it\/fr\/wp-json\/wp\/v2\/posts\/8127\/revisions"}],"predecessor-version":[{"id":8130,"href":"https:\/\/europa.regione.campania.it\/fr\/wp-json\/wp\/v2\/posts\/8127\/revisions\/8130"}],"wp:featuredmedia":[{"embeddable":true,"href":"https:\/\/europa.regione.campania.it\/fr\/wp-json\/wp\/v2\/media\/8129"}],"wp:attachment":[{"href":"https:\/\/europa.regione.campania.it\/fr\/wp-json\/wp\/v2\/media?parent=8127"}],"wp:term":[{"taxonomy":"category","embeddable":true,"href":"https:\/\/europa.regione.campania.it\/fr\/wp-json\/wp\/v2\/categories?post=8127"},{"taxonomy":"post_tag","embeddable":true,"href":"https:\/\/europa.regione.campania.it\/fr\/wp-json\/wp\/v2\/tags?post=8127"}],"curies":[{"name":"wp","href":"https:\/\/api.w.org\/{rel}","templated":true}]}}